{"id":57,"date":"2013-01-20T17:12:04","date_gmt":"2013-01-20T17:12:04","guid":{"rendered":"http:\/\/jemten.se\/?p=57"},"modified":"2024-11-27T21:32:00","modified_gmt":"2024-11-27T20:32:00","slug":"slakten-ar-varst","status":"publish","type":"post","link":"http:\/\/jemten.se\/?p=57","title":{"rendered":"Sl\u00e4kten \u00e4r v\u00e4rst"},"content":{"rendered":"<p>Thony Ahlander, dvs jag, f\u00f6ddes i Brunflo men bor sedan m\u00e5nga \u00e5r p\u00e5 V\u00e4stkusten. Jag kom att v\u00e4xa upp i \u00c5ngsta d\u00e4r mamma jobbade som sm\u00e5skoll\u00e4rare. Hon var f\u00f6dd i Tand Lockne socken och pappa i Kluk Alsen.<\/p>\n<p>Jag har jobbat med att kartl\u00e4gga deras sl\u00e4kter och t\u00e4nkte publiceras resultatet i form av sm\u00e5 artiklar om personer och h\u00e4ndelser. Som ett komplement till sl\u00e4kttr\u00e4det. Det \u00e4r ett p\u00e5g\u00e5ende arbete och l\u00e5ngt ifr\u00e5n f\u00e4rdigt. Dvs det kommer aldrig att bli f\u00e4rdigt. Men \u00e4nd\u00e5 ge information som jag hoppas skall vara av intresse \u00e4ven f\u00f6r andra sl\u00e4ktingar.<\/p>\n<p>Det finns m\u00f6jlighet att komma med inl\u00e4gg och synpunkter. Den som har hittat felaktigheter eller har kompletterande information \u00e4r mer \u00e4n v\u00e4lkommen att delge oss andra. Jag kommer att r\u00e4tta upp och komplettera inneh\u00e5llet\u00a0successivt.<\/p>\n<p>S\u00e5 vilka var d\u00e5 mina f\u00f6rf\u00e4der? Mest b\u00f6nder, dr\u00e4ngar, pigor och soldater visar det sig. Fast en och annan pr\u00e4st och myndighetsperson finns ocks\u00e5. De allra flesta p\u00e5 mammas sida kommer fr\u00e5n trakterna s\u00f6der om Storsj\u00f6n bl a \u00a0Lockne, Brunflo, Berg och N\u00e4s socknar. P\u00e5 pappas sida fr\u00e5n trakterna norr om Storsj\u00f6n bl a Alsen\u00a0och\u00a0Offerdal .\u00a0J\u00e4mtar\u00a0verkar de vara de flesta. Men det finns f\u00f6rst\u00e5s en del andra ocks\u00e5.<\/p>\n<p>Jag har i familjetr\u00e4det f\u00f6rs\u00f6kt ta med alla \u00e4ttlingar till min mormors och morfars f\u00f6r\u00e4ldrar. Det visar sig vara en ansenlig massa kusiner, trem\u00e4nningar, fyrm\u00e4nningar osv. S\u00e5 alla ni kommer att kunna f\u00f6lja \u00e5tminstone en del av era egna sl\u00e4kttr\u00e4d. Och f\u00f6rhoppningsvis bidra med egna historier ni h\u00f6rt era gamla sl\u00e4ktingar ber\u00e4tta. S\u00e5 sm\u00e5ningom ska jag f\u00f6rs\u00f6ka inkludera ocks\u00e5 \u00e4ttlingarna till min farmors och farfars f\u00f6r\u00e4ldrar.<\/p>\n<p>L\u00e4nken ovan &#8220;sl\u00e4kttr\u00e4d&#8221; leder dig till databasen med ca 1200 personer. Om du g\u00e5r vilse s\u00e5 kom ih\u00e5g att efternamn skrivna med stora bokst\u00e4ver \u00e4r de som i rakt nedstigande led leder tillbaka till mig.<\/p>\n<p>Ha s\u00e5 kul&#8230;..<\/p>\n","protected":false},"excerpt":{"rendered":"<p>Thony Ahlander, dvs jag, f\u00f6ddes i Brunflo men bor sedan m\u00e5nga \u00e5r p\u00e5 V\u00e4stkusten. Jag kom att v\u00e4xa upp i \u00c5ngsta d\u00e4r mamma jobbade som sm\u00e5skoll\u00e4rare. Hon var f\u00f6dd i Tand Lockne socken och pappa i Kluk Alsen. Jag har &hellip; <a href=\"http:\/\/jemten.se\/?p=57\">Continue reading <span class=\"meta-nav\">&rarr;<\/span><\/a><\/p>\n","protected":false},"author":1,"featured_media":0,"comment_status":"open","ping_status":"open","sticky":false,"template":"","format":"standard","meta":{"_s2mail":"","ngg_post_thumbnail":0,"footnotes":""},"categories":[9],"tags":[],"class_list":["post-57","post","type-post","status-publish","format-standard","hentry","category-allmant"],"_links":{"self":[{"href":"http:\/\/jemten.se\/index.php?rest_route=\/wp\/v2\/posts\/57","targetHints":{"allow":["GET"]}}],"collection":[{"href":"http:\/\/jemten.se\/index.php?rest_route=\/wp\/v2\/posts"}],"about":[{"href":"http:\/\/jemten.se\/index.php?rest_route=\/wp\/v2\/types\/post"}],"author":[{"embeddable":true,"href":"http:\/\/jemten.se\/index.php?rest_route=\/wp\/v2\/users\/1"}],"replies":[{"embeddable":true,"href":"http:\/\/jemten.se\/index.php?rest_route=%2Fwp%2Fv2%2Fcomments&post=57"}],"version-history":[{"count":8,"href":"http:\/\/jemten.se\/index.php?rest_route=\/wp\/v2\/posts\/57\/revisions"}],"predecessor-version":[{"id":59,"href":"http:\/\/jemten.se\/index.php?rest_route=\/wp\/v2\/posts\/57\/revisions\/59"}],"wp:attachment":[{"href":"http:\/\/jemten.se\/index.php?rest_route=%2Fwp%2Fv2%2Fmedia&parent=57"}],"wp:term":[{"taxonomy":"category","embeddable":true,"href":"http:\/\/jemten.se\/index.php?rest_route=%2Fwp%2Fv2%2Fcategories&post=57"},{"taxonomy":"post_tag","embeddable":true,"href":"http:\/\/jemten.se\/index.php?rest_route=%2Fwp%2Fv2%2Ftags&post=57"}],"curies":[{"name":"wp","href":"https:\/\/api.w.org\/{rel}","templated":true}]}}